{"id":3134,"date":"2026-08-24T09:04:03","date_gmt":"2026-08-24T09:04:03","guid":{"rendered":"https:\/\/stotterbond.nl\/?p=3134"},"modified":"2026-08-24T17:47:34","modified_gmt":"2026-08-24T17:47:34","slug":"stotterfonds-schrijft-enquete-uit-over-herijken-koers","status":"publish","type":"post","link":"https:\/\/stotterbond.nl\/index.php\/2026\/08\/24\/stotterfonds-schrijft-enquete-uit-over-herijken-koers\/","title":{"rendered":"Therapiecentrale StotterFonds veroorzaakt al sinds 1998 negatieve beeldvorming rondom stotteren en schrijft nu enqu\u00eate uit over &#8216;herijken koers&#8217;"},"content":{"rendered":"\n<p class=\"wp-block-paragraph\">De Subsidieregeling pati\u00ebnten- en gehandicaptenorganisaties is bedoeld voor pati\u00ebnten- en gehandicaptenorganisaties. Dat heeft de wetgever zo bepaald en dat komt terug in de naamgeving. Duidelijker kan het niet, toch?<\/p>\n\n\n\n<p class=\"wp-block-paragraph\">In de Nederlandse stotterwereld loopt het echter allemaal door elkaar. Deze financiering &#8211; kortweg <a href=\"https:\/\/www.dus-i.nl\/subsidies\/zorg-en-gezondheid\/patienten-en-gehandicaptenorganisaties-pgo\">PG-subsidie<\/a> &#8211; wordt door pati\u00ebntenvereniging Demosthenes al decennia voor een groot deel doorgestort in de kas van therapiecentrale StotterFonds. Van daaruit wordt dan voorlichting geschreven ter aanprijzing van reguliere stottertherapie. Serieus? Ja, helaas wel.<\/p>\n\n\n\n<p class=\"wp-block-paragraph\">Dat is natuurlijk goed voor de klantenstroom richting logopediepraktijken, maar slecht voor de emancipatie van mensen die stotteren. Erger nog, het overheidsgeld dat bedoeld was voor hun emancipatie wordt nu ge\u00efnd door de zorgsector. <\/p>\n\n\n\n<p class=\"wp-block-paragraph\">Vanaf dit platform is daar uitputtend over bericht. Of dat geholpen heeft, geen idee. Wel is er nu een <a href=\"https:\/\/forms.cloud.microsoft\/Pages\/ResponsePage.aspx?id=9Zi3WT95K0u-2-RaaxhsAU4AdESCcPtPjRifPAUCEHZUQVFMUlo2VEJIRUtLOTRFQTZNWDVXTVhPNi4u\">enqu\u00eate<\/a> door het StotterFonds uitgeschreven met de beginzin: &#8216;Wij herijken onze koers.&#8217; <a href=\"https:\/\/forms.cloud.microsoft\/Pages\/ResponsePage.aspx?id=9Zi3WT95K0u-2-RaaxhsAU4AdESCcPtPjRifPAUCEHZUQVFMUlo2VEJIRUtLOTRFQTZNWDVXTVhPNi4u\">Deze enqu\u00eate kun je hier invullen. <\/a><\/p>\n\n\n\n<p class=\"wp-block-paragraph\">Daarna komt deze merkwaardige inleiding: <em>&#8220;Het StotterFonds <strong>verbindt<\/strong> van oorsprong de NVST (vereniging logopedist-stottertherapeuten) en Demosthenes (pati\u00ebntenvereniging) en vervult daarnaast een <strong>onafhankelijke<\/strong>, neutrale rol binnen het Nederlandse stotterveld. We merken dat deze <strong>dubbele positie<\/strong>, samen met de veranderingen binnen de stotterwereld, vraagt om nieuwe keuzes en een duidelijkere koers voor de toekomst.&#8221;<\/em><\/p>\n\n\n\n<p class=\"wp-block-paragraph\">Dat is wonderlijk geformuleerd! Het begrip &#8216;onafhankelijk&#8217; en &#8216;dubbele positie&#8217; in \u00e9\u00e9n paragraaf, en het dan toch nog kloppend laten lijken&#8230; De vragen van de enqu\u00eate zijn echter nogal sturend. Wie meent dat het StotterFonds opgeheven moet worden (omdat er al decennia PG-subsidie weglekt naar het zorgveld) kan dat alleen kwijt in tekstvelden die daar juist niet om vragen. Een van de sturende vragen luidt: <strong>&#8220;Wat heeft het Stotterfonds volgens jou het meest nodig om toekomstbestendig te zijn?&#8221;<\/strong> Zo dreigt deze enqu\u00eate vooral bedoeld te zijn ter ondersteuning van de eigen missie.<\/p>\n\n\n\n<p class=\"wp-block-paragraph\">En precies die missie is zeer problematisch en staat haaks op alles waarvoor wij vanaf dit platform strijden. Hoezeer het StotterFonds een rem zette op de emancipatie\/inclusie van mensen die stotteren, blijkt uit deze voorlichting:<\/p>\n\n\n\n<ol class=\"wp-block-list\">\n<li>Op de Geef Geld-pagina <a href=\"https:\/\/stotterbond.nl\/index.php\/2025\/10\/16\/het-probleem-stotteren-de-wereld-uit-met-dergelijke-stigmatiserende-teksten-werft-stotterfonds-demosthenes-anno-2025-donateurs\/\">stond<\/a> in 2025: <strong>&#8220;Helaas is het nog niet zover dat stotteren de wereld uit is.&#8221;<\/strong> En zo werd ook de missie geformuleerd: <strong>&#8220;Het probleem stotteren de wereld uit.&#8221;<\/strong> Dit gaat in tegen de praktijk dat wie na zijn zevende jaar nog stottert, waarschijnlijk zal blijven stotteren. Dit problematiseert de manier van spreken van 1 procent van de bevolking.<br><\/li>\n\n\n\n<li>\u201cStotteren kan nog niet altijd voor de volle 100 procent verholpen worden. Er zijn wel veel manieren om goed met stotteren om te gaan en er is zeker veel aan te doen.\u201d Waar slaat dit op? Voor de volle 100 procent? Dus het kan wel met 90 procent verminderd worden, mits je maar goed je best doet bij de therapeut?<br><\/li>\n\n\n\n<li>Of deze: \u201cVia het StotterFonds en de pati\u00ebntenvereniging Demosthenes kun je in contact komen met andere personen die stotteren of advies krijgen over therapie\u00ebn. Wie weet is dat voor jou net het zetje in de goede richting om de stotternarigheid langzaam maar zeker van je af te schudden.\u201d Stotternarigheid? Serieus, StotterFonds?<\/li>\n<\/ol>\n\n\n\n<p class=\"wp-block-paragraph\">Dit is geen oud voorlichtingsmateriaal. Dit zijn teksten die anno 2026 nog steeds door het StotterFonds verspreid worden, zie deze folder op hun eigen website: <a href=\"https:\/\/www.stotteren.nl\/images\/webshop\/SF_FolderERWATAANTEDOEN_2019_WEB.pdf\">https:\/\/www.stotteren.nl\/images\/webshop\/SF_FolderERWATAANTEDOEN_2019_WEB.pdf<\/a><\/p>\n\n\n\n<p class=\"wp-block-paragraph\">Nederland telt zo&#8217;n 180.000 mensen die stotteren. Een deel daarvan stottert hevig en zal soms periodes minder en soms periodes meer stotteren. Zij hebben recht op acceptatie en op het zelfvertrouwen dat hun stotterende stem ook gehoord mag worden. Bij spreekbeurten op school, in vergaderingen op het werk. Werkgevers die met de beste bedoelingen informatie zoeken over stotteren, komen uit bij de stigmatiserende en discriminerende teksten van het StotterFonds. Daaruit kunnen zij afleiden dat wij moeten blijven werken aan vloeiender spraak. Het StotterFonds spreekt zelfs van &#8216;<a href=\"https:\/\/stotterbond.nl\/index.php\/2025\/11\/25\/stotterfonds-spreekt-anno-2025-over-gestoorde-spraak-en-roept-stotterende-sollicitanten-op-om-therapie-te-volgen-in-plaats-van-aanspraak-te-maken-op-vn-verdrag-handicap-stigmatiserende-voorlicht\/\">gestoorde spraak<\/a>&#8216;. Doe even normaal zeg&#8230;<\/p>\n\n\n\n<p class=\"wp-block-paragraph\">Het zou goed zijn als het StotterFonds wordt opgeheven en dat het verkeerd bestede subsidiegeld wordt teruggestort in de kas van pati\u00ebntenvereniging Demosthenes. Het StotterFonds is in 1998 opgericht, dat gaat getuige de jaarverslagen om een enorm groot bedrag. Vaak werden er tienduizenden euro&#8217;s per jaar doorgestort naar voorlichting ten gunste van de therapiesector. Geld bedoeld voor &#8216;versterking van de pati\u00ebntenstem&#8217; (zo noemt de overheid dat) ging dus naar &#8216;versterking van de voorlichting van een bepaalde therapiestroming&#8217;. <br><br>Als het StotterFonds opgeheven wordt, kan een (nieuw?) krachtig en zelfbewust bestuur van pati\u00ebntenvereniging Demosthenes vervolgens die subsidie besteden aan de versterking van de positie van mensen die stotteren. Niet alleen op school, op het werk, maar zeker ook tegenover hun therapeuten (die er nu met hun PG-subsidie) vandoor gaan. Het zou dan goed zijn als de overheid het verkeerde bestede subsidiegeld terugvordert bij het StotterFonds en alsnog stort in de kas van de pati\u00ebntenvereniging Demosthenes (die er dan vervolgens wel dingen mee moet doen die in lijn zijn met de <a href=\"https:\/\/www.dus-i.nl\/subsidies\/zorg-en-gezondheid\/patienten-en-gehandicaptenorganisaties-pgo\">wettelijke regeling<\/a>).<\/p>\n\n\n\n<p class=\"wp-block-paragraph\">De enqu\u00eate van het StotterFonds kan hier ingevuld worden.<br><a href=\"https:\/\/forms.cloud.microsoft\/Pages\/ResponsePage.aspx?id=9Zi3WT95K0u-2-RaaxhsAU4AdESCcPtPjRifPAUCEHZUQVFMUlo2VEJIRUtLOTRFQTZNWDVXTVhPNi4u\">https:\/\/forms.cloud.microsoft\/Pages\/ResponsePage.aspx?id=9Zi3WT95K0u-2-RaaxhsAU4AdESCcPtPjRifPAUCEHZUQVFMUlo2VEJIRUtLOTRFQTZNWDVXTVhPNi4u<\/a><\/p>\n\n\n\n<p class=\"wp-block-paragraph\"><em>PS &#8211; Voor de goede orde: dit platform is niet tegen logopedist-stottertherapeuten. Wij zijn alleen voor een scheiding der machten, voor een krachtige onafhankelijke pati\u00ebntenvereniging. Precies zoals de wetgever het bedoelt: een pati\u00ebntenvereniging die werkt aan emancipatie van de eigen groep (mensen die stotteren) en onafhankelijk de zorgsector scherp houdt. Dus er niet samen mee in een overkoepelend StotterFonds gaat zitten. Dat hoort niet. Samen koffie drinken, prima. Samen besturen, no way.<\/em><\/p>\n\n\n\n<p class=\"wp-block-paragraph\">Lees hieronder ons dossier over de problemen in de Nederlandse stotterwereld, waarin het StotterFonds een grote rol speelt:<\/p>\n\n\n\n<figure class=\"wp-block-embed is-type-wp-embed is-provider-de-stotterbond-i-o-voor-het-recht-om-te-stotteren wp-block-embed-de-stotterbond-i-o-voor-het-recht-om-te-stotteren\"><div class=\"wp-block-embed__wrapper\">\n<blockquote class=\"wp-embedded-content\" data-secret=\"U3YOEl7Y1c\"><a href=\"https:\/\/stotterbond.nl\/index.php\/2025\/12\/18\/stotterfonds-prijst-invloedrijke-logopedist-theo-schoenaker-1932-2021-voor-baanbrekend-werk-maar-hij-kwalificeerde-ons-als-patienten-in-een-neurose\/\">StotterFonds prijst invloedrijke logopedist Theo\u00a0Schoenaker (1932-2021) voor &#8216;baanbrekend&#8217; werk. Maar hij kwalificeerde ons als &#8216;pati\u00ebnten in een neurose&#8217;<\/a><\/blockquote><iframe loading=\"lazy\" class=\"wp-embedded-content\" sandbox=\"allow-scripts\" security=\"restricted\" style=\"position: absolute; visibility: hidden;\" title=\"\u201cStotterFonds prijst invloedrijke logopedist Theo\u00a0Schoenaker (1932-2021) voor \u2018baanbrekend\u2019 werk. Maar hij kwalificeerde ons als \u2018pati\u00ebnten in een neurose\u2019\u201d \u2014 De Stotterbond i.o. - voor het recht om te stotteren\" src=\"https:\/\/stotterbond.nl\/index.php\/2025\/12\/18\/stotterfonds-prijst-invloedrijke-logopedist-theo-schoenaker-1932-2021-voor-baanbrekend-werk-maar-hij-kwalificeerde-ons-als-patienten-in-een-neurose\/embed\/#?secret=yfxMgogy2v#?secret=U3YOEl7Y1c\" data-secret=\"U3YOEl7Y1c\" width=\"500\" height=\"282\" frameborder=\"0\" marginwidth=\"0\" marginheight=\"0\" scrolling=\"no\"><\/iframe>\n<\/div><\/figure>\n\n\n\n<figure class=\"wp-block-embed is-type-wp-embed is-provider-de-stotterbond-i-o-voor-het-recht-om-te-stotteren wp-block-embed-de-stotterbond-i-o-voor-het-recht-om-te-stotteren\"><div class=\"wp-block-embed__wrapper\">\n<blockquote class=\"wp-embedded-content\" data-secret=\"0rOeMMswg2\"><a href=\"https:\/\/stotterbond.nl\/index.php\/2025\/11\/25\/stotterfonds-spreekt-anno-2025-over-gestoorde-spraak-en-roept-stotterende-sollicitanten-op-om-therapie-te-volgen-in-plaats-van-aanspraak-te-maken-op-vn-verdrag-handicap-stigmatiserende-voorlicht\/\">StotterFonds spreekt over &#8216;gestoorde spraak&#8217; en roept ons op om therapie te volgen in plaats van aanspraak te maken op VN Verdrag Handicap<\/a><\/blockquote><iframe loading=\"lazy\" class=\"wp-embedded-content\" sandbox=\"allow-scripts\" security=\"restricted\" style=\"position: absolute; visibility: hidden;\" title=\"\u201cStotterFonds spreekt over \u2018gestoorde spraak\u2019 en roept ons op om therapie te volgen in plaats van aanspraak te maken op VN Verdrag Handicap\u201d \u2014 De Stotterbond i.o. - voor het recht om te stotteren\" src=\"https:\/\/stotterbond.nl\/index.php\/2025\/11\/25\/stotterfonds-spreekt-anno-2025-over-gestoorde-spraak-en-roept-stotterende-sollicitanten-op-om-therapie-te-volgen-in-plaats-van-aanspraak-te-maken-op-vn-verdrag-handicap-stigmatiserende-voorlicht\/embed\/#?secret=VpfbiL4F08#?secret=0rOeMMswg2\" data-secret=\"0rOeMMswg2\" width=\"500\" height=\"282\" frameborder=\"0\" marginwidth=\"0\" marginheight=\"0\" scrolling=\"no\"><\/iframe>\n<\/div><\/figure>\n\n\n\n<figure class=\"wp-block-embed is-type-wp-embed is-provider-de-stotterbond-i-o-voor-het-recht-om-te-stotteren wp-block-embed-de-stotterbond-i-o-voor-het-recht-om-te-stotteren\"><div class=\"wp-block-embed__wrapper\">\n<blockquote class=\"wp-embedded-content\" data-secret=\"6RBdwzWIq4\"><a href=\"https:\/\/stotterbond.nl\/index.php\/2025\/11\/07\/stotteren-er-is-wat-aan-te-doen-luidt-de-titel-van-een-stigmatiserende-stotterfonds-folder-waarin-gesproken-wordt-over-stotternarigheid\/\">&#8216;Stotteren, er is wat aan te doen!&#8217;, luidt de titel van een stigmatiserende StotterFonds-folder waarin gesproken wordt over &#8216;stotternarigheid&#8217;<\/a><\/blockquote><iframe loading=\"lazy\" class=\"wp-embedded-content\" sandbox=\"allow-scripts\" security=\"restricted\" style=\"position: absolute; visibility: hidden;\" title=\"\u201c\u2018Stotteren, er is wat aan te doen!\u2019, luidt de titel van een stigmatiserende StotterFonds-folder waarin gesproken wordt over \u2018stotternarigheid\u2019\u201d \u2014 De Stotterbond i.o. - voor het recht om te stotteren\" src=\"https:\/\/stotterbond.nl\/index.php\/2025\/11\/07\/stotteren-er-is-wat-aan-te-doen-luidt-de-titel-van-een-stigmatiserende-stotterfonds-folder-waarin-gesproken-wordt-over-stotternarigheid\/embed\/#?secret=e9l9BciKMc#?secret=6RBdwzWIq4\" data-secret=\"6RBdwzWIq4\" width=\"500\" height=\"282\" frameborder=\"0\" marginwidth=\"0\" marginheight=\"0\" scrolling=\"no\"><\/iframe>\n<\/div><\/figure>\n\n\n\n<figure class=\"wp-block-embed is-type-wp-embed is-provider-de-stotterbond-i-o-voor-het-recht-om-te-stotteren wp-block-embed-de-stotterbond-i-o-voor-het-recht-om-te-stotteren\"><div class=\"wp-block-embed__wrapper\">\n<blockquote class=\"wp-embedded-content\" data-secret=\"uXinqUgHYy\"><a href=\"https:\/\/stotterbond.nl\/index.php\/2025\/11\/06\/als-de-werknemer-na-therapie-makkelijker-spreekt-komt-dit-de-werksituatie-ten-goede-schrijft-het-stotterfonds-in-een-stigmatiserende-folder-die-vooral-de-eigen-handel-aanprijst\/\">&#8216;Als de werknemer na therapie makkelijker spreekt, komt dit de werksituatie ten goede&#8217;, schrijft Demosthenes\/StotterFonds in stigmatiserende folder die eigen handel aanprijst<\/a><\/blockquote><iframe loading=\"lazy\" class=\"wp-embedded-content\" sandbox=\"allow-scripts\" security=\"restricted\" style=\"position: absolute; visibility: hidden;\" title=\"\u201c\u2018Als de werknemer na therapie makkelijker spreekt, komt dit de werksituatie ten goede\u2019, schrijft Demosthenes\/StotterFonds in stigmatiserende folder die eigen handel aanprijst\u201d \u2014 De Stotterbond i.o. - voor het recht om te stotteren\" src=\"https:\/\/stotterbond.nl\/index.php\/2025\/11\/06\/als-de-werknemer-na-therapie-makkelijker-spreekt-komt-dit-de-werksituatie-ten-goede-schrijft-het-stotterfonds-in-een-stigmatiserende-folder-die-vooral-de-eigen-handel-aanprijst\/embed\/#?secret=EqVLa4pWGr#?secret=uXinqUgHYy\" data-secret=\"uXinqUgHYy\" width=\"500\" height=\"282\" frameborder=\"0\" marginwidth=\"0\" marginheight=\"0\" scrolling=\"no\"><\/iframe>\n<\/div><\/figure>\n\n\n\n<figure class=\"wp-block-embed is-type-wp-embed is-provider-de-stotterbond-i-o-voor-het-recht-om-te-stotteren wp-block-embed-de-stotterbond-i-o-voor-het-recht-om-te-stotteren\"><div class=\"wp-block-embed__wrapper\">\n<blockquote class=\"wp-embedded-content\" data-secret=\"zLtJJexBhs\"><a href=\"https:\/\/stotterbond.nl\/index.php\/2025\/11\/04\/deze-stotterfonds-cartoon-is-stigmatiserend-en-discriminerend-een-klap-in-het-gezicht-van-de-inclusiebeweging\/\">Deze StotterFonds-cartoon is stigmatiserend, validistisch en discriminerend: een klap in het gezicht van de inclusiebeweging<\/a><\/blockquote><iframe loading=\"lazy\" class=\"wp-embedded-content\" sandbox=\"allow-scripts\" security=\"restricted\" style=\"position: absolute; visibility: hidden;\" title=\"\u201cDeze StotterFonds-cartoon is stigmatiserend, validistisch en discriminerend: een klap in het gezicht van de inclusiebeweging\u201d \u2014 De Stotterbond i.o. - voor het recht om te stotteren\" src=\"https:\/\/stotterbond.nl\/index.php\/2025\/11\/04\/deze-stotterfonds-cartoon-is-stigmatiserend-en-discriminerend-een-klap-in-het-gezicht-van-de-inclusiebeweging\/embed\/#?secret=gC3KPd6p7h#?secret=zLtJJexBhs\" data-secret=\"zLtJJexBhs\" width=\"500\" height=\"282\" frameborder=\"0\" marginwidth=\"0\" marginheight=\"0\" scrolling=\"no\"><\/iframe>\n<\/div><\/figure>\n\n\n\n<figure class=\"wp-block-embed is-type-wp-embed is-provider-de-stotterbond-i-o-voor-het-recht-om-te-stotteren wp-block-embed-de-stotterbond-i-o-voor-het-recht-om-te-stotteren\"><div class=\"wp-block-embed__wrapper\">\n<blockquote class=\"wp-embedded-content\" data-secret=\"L8uHdfLTV6\"><a href=\"https:\/\/stotterbond.nl\/index.php\/2025\/11\/01\/stotterfonds-voedt-zelf-het-stigma-op-stotteren\/\">Het stigma op stotteren, dat het je eigen schuld is &#8216;als je nog steeds stottert&#8217;, wordt al decennia gevoed door het StotterFonds<\/a><\/blockquote><iframe loading=\"lazy\" class=\"wp-embedded-content\" sandbox=\"allow-scripts\" security=\"restricted\" style=\"position: absolute; visibility: hidden;\" title=\"\u201cHet stigma op stotteren, dat het je eigen schuld is \u2018als je nog steeds stottert\u2019, wordt al decennia gevoed door het StotterFonds\u201d \u2014 De Stotterbond i.o. - voor het recht om te stotteren\" src=\"https:\/\/stotterbond.nl\/index.php\/2025\/11\/01\/stotterfonds-voedt-zelf-het-stigma-op-stotteren\/embed\/#?secret=8LGaDtogU9#?secret=L8uHdfLTV6\" data-secret=\"L8uHdfLTV6\" width=\"500\" height=\"282\" frameborder=\"0\" marginwidth=\"0\" marginheight=\"0\" scrolling=\"no\"><\/iframe>\n<\/div><\/figure>\n\n\n\n<figure class=\"wp-block-embed is-type-wp-embed is-provider-de-stotterbond-i-o-voor-het-recht-om-te-stotteren wp-block-embed-de-stotterbond-i-o-voor-het-recht-om-te-stotteren\"><div class=\"wp-block-embed__wrapper\">\n<blockquote class=\"wp-embedded-content\" data-secret=\"LJJTo42c6s\"><a href=\"https:\/\/stotterbond.nl\/index.php\/2025\/10\/16\/het-probleem-stotteren-de-wereld-uit-met-dergelijke-stigmatiserende-teksten-werft-stotterfonds-demosthenes-anno-2025-donateurs\/\">&#8216;Het probleem stotteren de wereld uit&#8217; &#8211; met dergelijke stigmatiserende teksten werft StotterFonds\/Demosthenes anno 2025 donateurs<\/a><\/blockquote><iframe loading=\"lazy\" class=\"wp-embedded-content\" sandbox=\"allow-scripts\" security=\"restricted\" style=\"position: absolute; visibility: hidden;\" title=\"\u201c\u2018Het probleem stotteren de wereld uit\u2019 \u2013 met dergelijke stigmatiserende teksten werft StotterFonds\/Demosthenes anno 2025 donateurs\u201d \u2014 De Stotterbond i.o. - voor het recht om te stotteren\" src=\"https:\/\/stotterbond.nl\/index.php\/2025\/10\/16\/het-probleem-stotteren-de-wereld-uit-met-dergelijke-stigmatiserende-teksten-werft-stotterfonds-demosthenes-anno-2025-donateurs\/embed\/#?secret=prEsaNyWKZ#?secret=LJJTo42c6s\" data-secret=\"LJJTo42c6s\" width=\"500\" height=\"282\" frameborder=\"0\" marginwidth=\"0\" marginheight=\"0\" scrolling=\"no\"><\/iframe>\n<\/div><\/figure>\n\n\n\n<figure class=\"wp-block-embed is-type-wp-embed is-provider-de-stotterbond-i-o-voor-het-recht-om-te-stotteren wp-block-embed-de-stotterbond-i-o-voor-het-recht-om-te-stotteren\"><div class=\"wp-block-embed__wrapper\">\n<blockquote class=\"wp-embedded-content\" data-secret=\"DBNN5dzA9Q\"><a href=\"https:\/\/stotterbond.nl\/index.php\/2025\/09\/28\/geef-onze-stem-terug-hef-stotterfonds-op\/\">Geef onze stem terug! Hef StotterFonds op<\/a><\/blockquote><iframe loading=\"lazy\" class=\"wp-embedded-content\" sandbox=\"allow-scripts\" security=\"restricted\" style=\"position: absolute; visibility: hidden;\" title=\"\u201cGeef onze stem terug! Hef StotterFonds op\u201d \u2014 De Stotterbond i.o. - voor het recht om te stotteren\" src=\"https:\/\/stotterbond.nl\/index.php\/2025\/09\/28\/geef-onze-stem-terug-hef-stotterfonds-op\/embed\/#?secret=dWjbytb75G#?secret=DBNN5dzA9Q\" data-secret=\"DBNN5dzA9Q\" width=\"500\" height=\"282\" frameborder=\"0\" marginwidth=\"0\" marginheight=\"0\" scrolling=\"no\"><\/iframe>\n<\/div><\/figure>\n\n\n\n<figure class=\"wp-block-embed is-type-wp-embed is-provider-de-stotterbond-i-o-voor-het-recht-om-te-stotteren wp-block-embed-de-stotterbond-i-o-voor-het-recht-om-te-stotteren\"><div class=\"wp-block-embed__wrapper\">\n<blockquote class=\"wp-embedded-content\" data-secret=\"cXerTGHBYh\"><a href=\"https:\/\/stotterbond.nl\/index.php\/2025\/09\/19\/stotteren-er-is-wat-aan-te-doen-met-deze-voorlichtingsfolder-voedt-stotterfonds-demosthenes-het-stigma-op-stotteren-dat-wie-nog-steeds-stottert-het-aan-zichzelf-te-danken-heeft\/\">&#8216;Stotteren, er is wat aan te doen&#8217; &#8211; met deze folder voedt StotterFonds\/Demosthenes het stigma op stotteren. Dat wie &#8216;nog steeds stottert&#8217; het aan zichzelf te danken heeft<\/a><\/blockquote><iframe loading=\"lazy\" class=\"wp-embedded-content\" sandbox=\"allow-scripts\" security=\"restricted\" style=\"position: absolute; visibility: hidden;\" title=\"\u201c\u2018Stotteren, er is wat aan te doen\u2019 \u2013 met deze folder voedt StotterFonds\/Demosthenes het stigma op stotteren. Dat wie \u2018nog steeds stottert\u2019 het aan zichzelf te danken heeft\u201d \u2014 De Stotterbond i.o. - voor het recht om te stotteren\" src=\"https:\/\/stotterbond.nl\/index.php\/2025\/09\/19\/stotteren-er-is-wat-aan-te-doen-met-deze-voorlichtingsfolder-voedt-stotterfonds-demosthenes-het-stigma-op-stotteren-dat-wie-nog-steeds-stottert-het-aan-zichzelf-te-danken-heeft\/embed\/#?secret=Y9iJsOm05Z#?secret=cXerTGHBYh\" data-secret=\"cXerTGHBYh\" width=\"500\" height=\"282\" frameborder=\"0\" marginwidth=\"0\" marginheight=\"0\" scrolling=\"no\"><\/iframe>\n<\/div><\/figure>\n\n\n\n<figure class=\"wp-block-embed is-type-wp-embed is-provider-de-stotterbond-i-o-voor-het-recht-om-te-stotteren wp-block-embed-de-stotterbond-i-o-voor-het-recht-om-te-stotteren\"><div class=\"wp-block-embed__wrapper\">\n<blockquote class=\"wp-embedded-content\" data-secret=\"kSZf7T0ArV\"><a href=\"https:\/\/stotterbond.nl\/index.php\/2025\/09\/06\/zo-werd-het-stotterfonds-in-1998-opgericht-oordeel-zelf-op-basis-van-de-statuten-of-de-patientenvereniging-demosthenes-daarmee-afhankelijker-werd-van-het-behandelveld\/\">Zo werd het StotterFonds in 1998 opgericht. Oordeel zelf, op basis van de statuten, of de pati\u00ebntenvereniging Demosthenes daarmee onafhankelijker\/afhankelijker werd van het behandelveld<\/a><\/blockquote><iframe loading=\"lazy\" class=\"wp-embedded-content\" sandbox=\"allow-scripts\" security=\"restricted\" style=\"position: absolute; visibility: hidden;\" title=\"\u201cZo werd het StotterFonds in 1998 opgericht. Oordeel zelf, op basis van de statuten, of de pati\u00ebntenvereniging Demosthenes daarmee onafhankelijker\/afhankelijker werd van het behandelveld\u201d \u2014 De Stotterbond i.o. - voor het recht om te stotteren\" src=\"https:\/\/stotterbond.nl\/index.php\/2025\/09\/06\/zo-werd-het-stotterfonds-in-1998-opgericht-oordeel-zelf-op-basis-van-de-statuten-of-de-patientenvereniging-demosthenes-daarmee-afhankelijker-werd-van-het-behandelveld\/embed\/#?secret=iWk5PoAkOG#?secret=kSZf7T0ArV\" data-secret=\"kSZf7T0ArV\" width=\"500\" height=\"282\" frameborder=\"0\" marginwidth=\"0\" marginheight=\"0\" scrolling=\"no\"><\/iframe>\n<\/div><\/figure>\n\n\n\n<figure class=\"wp-block-embed is-type-wp-embed is-provider-de-stotterbond-i-o-voor-het-recht-om-te-stotteren wp-block-embed-de-stotterbond-i-o-voor-het-recht-om-te-stotteren\"><div class=\"wp-block-embed__wrapper\">\n<blockquote class=\"wp-embedded-content\" data-secret=\"73Hmb5e3Q5\"><a href=\"https:\/\/stotterbond.nl\/index.php\/2025\/08\/23\/patientenvereniging-demosthenes-geeft-eigen-subsidie-weg-aan-voorlichtingsinstituut-voor-stottertherapeuten-deel-1\/\">Pati\u00ebntenvereniging Demosthenes stort al vele jaren een groot deel overheidssubsidie door naar StotterFonds, een samenwerkingsverband met logopedist-stottertherapeuten (aflevering 1)<\/a><\/blockquote><iframe loading=\"lazy\" class=\"wp-embedded-content\" sandbox=\"allow-scripts\" security=\"restricted\" style=\"position: absolute; visibility: hidden;\" title=\"\u201cPati\u00ebntenvereniging Demosthenes stort al vele jaren een groot deel overheidssubsidie door naar StotterFonds, een samenwerkingsverband met logopedist-stottertherapeuten (aflevering 1)\u201d \u2014 De Stotterbond i.o. - voor het recht om te stotteren\" src=\"https:\/\/stotterbond.nl\/index.php\/2025\/08\/23\/patientenvereniging-demosthenes-geeft-eigen-subsidie-weg-aan-voorlichtingsinstituut-voor-stottertherapeuten-deel-1\/embed\/#?secret=21pSkDAk9C#?secret=73Hmb5e3Q5\" data-secret=\"73Hmb5e3Q5\" width=\"500\" height=\"282\" frameborder=\"0\" marginwidth=\"0\" marginheight=\"0\" scrolling=\"no\"><\/iframe>\n<\/div><\/figure>\n\n\n\n<figure class=\"wp-block-embed is-type-wp-embed is-provider-de-stotterbond-i-o-voor-het-recht-om-te-stotteren wp-block-embed-de-stotterbond-i-o-voor-het-recht-om-te-stotteren\"><div class=\"wp-block-embed__wrapper\">\n<blockquote class=\"wp-embedded-content\" data-secret=\"shASBSs1dE\"><a href=\"https:\/\/stotterbond.nl\/index.php\/2026\/03\/03\/richtlijn-stotteren-geeft-werkgevers-argumenten-om-stotterende-sollicitanten-te-discrimineren\/\">Behandelrichtlijn Stotteren geeft werkgevers argumenten om stotterende sollicitanten te discrimineren<\/a><\/blockquote><iframe loading=\"lazy\" class=\"wp-embedded-content\" sandbox=\"allow-scripts\" security=\"restricted\" style=\"position: absolute; visibility: hidden;\" title=\"\u201cBehandelrichtlijn Stotteren geeft werkgevers argumenten om stotterende sollicitanten te discrimineren\u201d \u2014 De Stotterbond i.o. - voor het recht om te stotteren\" src=\"https:\/\/stotterbond.nl\/index.php\/2026\/03\/03\/richtlijn-stotteren-geeft-werkgevers-argumenten-om-stotterende-sollicitanten-te-discrimineren\/embed\/#?secret=PO7CmWEmQt#?secret=shASBSs1dE\" data-secret=\"shASBSs1dE\" width=\"500\" height=\"282\" frameborder=\"0\" marginwidth=\"0\" marginheight=\"0\" scrolling=\"no\"><\/iframe>\n<\/div><\/figure>\n\n\n\n<figure class=\"wp-block-embed is-type-wp-embed is-provider-de-stotterbond-i-o-voor-het-recht-om-te-stotteren wp-block-embed-de-stotterbond-i-o-voor-het-recht-om-te-stotteren\"><div class=\"wp-block-embed__wrapper\">\n<blockquote class=\"wp-embedded-content\" data-secret=\"MFMhu4tCSE\"><a href=\"https:\/\/stotterbond.nl\/index.php\/2026\/02\/21\/stotteren-wordt-gezien-als-een-verwijtbare-handicap-hoe-zou-dat-nou-komen\/\">Stotteren wordt gezien als een &#8216;verwijtbare handicap&#8217;. Hoe zou dat nou komen?<\/a><\/blockquote><iframe loading=\"lazy\" class=\"wp-embedded-content\" sandbox=\"allow-scripts\" security=\"restricted\" style=\"position: absolute; visibility: hidden;\" title=\"\u201cStotteren wordt gezien als een \u2018verwijtbare handicap\u2019. Hoe zou dat nou komen?\u201d \u2014 De Stotterbond i.o. - voor het recht om te stotteren\" src=\"https:\/\/stotterbond.nl\/index.php\/2026\/02\/21\/stotteren-wordt-gezien-als-een-verwijtbare-handicap-hoe-zou-dat-nou-komen\/embed\/#?secret=lk05p5dUA4#?secret=MFMhu4tCSE\" data-secret=\"MFMhu4tCSE\" width=\"500\" height=\"282\" frameborder=\"0\" marginwidth=\"0\" marginheight=\"0\" scrolling=\"no\"><\/iframe>\n<\/div><\/figure>\n\n\n\n<figure class=\"wp-block-embed is-type-wp-embed is-provider-de-stotterbond-i-o-voor-het-recht-om-te-stotteren wp-block-embed-de-stotterbond-i-o-voor-het-recht-om-te-stotteren\"><div class=\"wp-block-embed__wrapper\">\n<blockquote class=\"wp-embedded-content\" data-secret=\"6fdb9qPmmo\"><a href=\"https:\/\/stotterbond.nl\/index.php\/2026\/02\/13\/stottertherapie_pr\/\">Deze stottertherapie-PR hoort niet gefinancierd te worden uit het potje van de PG-subsidie<\/a><\/blockquote><iframe loading=\"lazy\" class=\"wp-embedded-content\" sandbox=\"allow-scripts\" security=\"restricted\" style=\"position: absolute; visibility: hidden;\" title=\"\u201cDeze stottertherapie-PR hoort niet gefinancierd te worden uit het potje van de PG-subsidie\u201d \u2014 De Stotterbond i.o. - voor het recht om te stotteren\" src=\"https:\/\/stotterbond.nl\/index.php\/2026\/02\/13\/stottertherapie_pr\/embed\/#?secret=PEGEIb7cvk#?secret=6fdb9qPmmo\" data-secret=\"6fdb9qPmmo\" width=\"500\" height=\"282\" frameborder=\"0\" marginwidth=\"0\" marginheight=\"0\" scrolling=\"no\"><\/iframe>\n<\/div><\/figure>\n\n\n\n<figure class=\"wp-block-embed is-type-wp-embed is-provider-de-stotterbond-i-o-voor-het-recht-om-te-stotteren wp-block-embed-de-stotterbond-i-o-voor-het-recht-om-te-stotteren\"><div class=\"wp-block-embed__wrapper\">\n<blockquote class=\"wp-embedded-content\" data-secret=\"WAinfp6DWN\"><a href=\"https:\/\/stotterbond.nl\/index.php\/2026\/01\/04\/patientenvereniging-demosthenes-ooit-opgericht-om-stotteren-te-bestrijden-logopedist-besliste-destijds-over-toelating-leden-die-binnen-vereniging-spreken-moesten-oefenen\/\">Pati\u00ebntenvereniging Demosthenes opgericht om &#8216;stotteren te bestrijden&#8217;. Logopedist besliste over toelating leden die binnen vereniging aan vloeiendheid moesten werken<\/a><\/blockquote><iframe loading=\"lazy\" class=\"wp-embedded-content\" sandbox=\"allow-scripts\" security=\"restricted\" style=\"position: absolute; visibility: hidden;\" title=\"\u201cPati\u00ebntenvereniging Demosthenes opgericht om \u2018stotteren te bestrijden\u2019. Logopedist besliste over toelating leden die binnen vereniging aan vloeiendheid moesten werken\u201d \u2014 De Stotterbond i.o. - voor het recht om te stotteren\" src=\"https:\/\/stotterbond.nl\/index.php\/2026\/01\/04\/patientenvereniging-demosthenes-ooit-opgericht-om-stotteren-te-bestrijden-logopedist-besliste-destijds-over-toelating-leden-die-binnen-vereniging-spreken-moesten-oefenen\/embed\/#?secret=CfOwgI99jl#?secret=WAinfp6DWN\" data-secret=\"WAinfp6DWN\" width=\"500\" height=\"282\" frameborder=\"0\" marginwidth=\"0\" marginheight=\"0\" scrolling=\"no\"><\/iframe>\n<\/div><\/figure>\n\n\n\n<figure class=\"wp-block-embed is-type-wp-embed is-provider-de-stotterbond-i-o-voor-het-recht-om-te-stotteren wp-block-embed-de-stotterbond-i-o-voor-het-recht-om-te-stotteren\"><div class=\"wp-block-embed__wrapper\">\n<blockquote class=\"wp-embedded-content\" data-secret=\"iM3UxGR16O\"><a href=\"https:\/\/stotterbond.nl\/index.php\/2025\/11\/25\/demosthenes-doet-zich-voor-als-patientenorganisatie-maar-is-al-sinds-1966-een-fanclub-van-een-bepaalde-therapiestroming\/\">Demosthenes doet zich voor als &#8216;pati\u00ebntenorganisatie&#8217;, maar is al sinds 1966 een fanclub van een bepaalde therapiestroming<\/a><\/blockquote><iframe loading=\"lazy\" class=\"wp-embedded-content\" sandbox=\"allow-scripts\" security=\"restricted\" style=\"position: absolute; visibility: hidden;\" title=\"\u201cDemosthenes doet zich voor als \u2018pati\u00ebntenorganisatie\u2019, maar is al sinds 1966 een fanclub van een bepaalde therapiestroming\u201d \u2014 De Stotterbond i.o. - voor het recht om te stotteren\" src=\"https:\/\/stotterbond.nl\/index.php\/2025\/11\/25\/demosthenes-doet-zich-voor-als-patientenorganisatie-maar-is-al-sinds-1966-een-fanclub-van-een-bepaalde-therapiestroming\/embed\/#?secret=qm9mhVpecF#?secret=iM3UxGR16O\" data-secret=\"iM3UxGR16O\" width=\"500\" height=\"282\" frameborder=\"0\" marginwidth=\"0\" marginheight=\"0\" scrolling=\"no\"><\/iframe>\n<\/div><\/figure>\n\n\n\n<figure class=\"wp-block-embed is-type-wp-embed is-provider-de-stotterbond-i-o-voor-het-recht-om-te-stotteren wp-block-embed-de-stotterbond-i-o-voor-het-recht-om-te-stotteren\"><div class=\"wp-block-embed__wrapper\">\n<blockquote class=\"wp-embedded-content\" data-secret=\"MyfnAoudvB\"><a href=\"https:\/\/stotterbond.nl\/index.php\/2025\/11\/17\/er-is-inmiddels-een-bieb-te-vullen-met-schadelijke-onzin-van-logopedisten-en-stottertherapeuten\/\">Er is inmiddels een bieb te vullen met schadelijke onzin van logopedisten en stottertherapeuten<\/a><\/blockquote><iframe loading=\"lazy\" class=\"wp-embedded-content\" sandbox=\"allow-scripts\" security=\"restricted\" style=\"position: absolute; visibility: hidden;\" title=\"\u201cEr is inmiddels een bieb te vullen met schadelijke onzin van logopedisten en stottertherapeuten\u201d \u2014 De Stotterbond i.o. - voor het recht om te stotteren\" src=\"https:\/\/stotterbond.nl\/index.php\/2025\/11\/17\/er-is-inmiddels-een-bieb-te-vullen-met-schadelijke-onzin-van-logopedisten-en-stottertherapeuten\/embed\/#?secret=OKc4VpzjYa#?secret=MyfnAoudvB\" data-secret=\"MyfnAoudvB\" width=\"500\" height=\"282\" frameborder=\"0\" marginwidth=\"0\" marginheight=\"0\" scrolling=\"no\"><\/iframe>\n<\/div><\/figure>\n\n\n\n<figure class=\"wp-block-embed is-type-wp-embed is-provider-de-stotterbond-i-o-voor-het-recht-om-te-stotteren wp-block-embed-de-stotterbond-i-o-voor-het-recht-om-te-stotteren\"><div class=\"wp-block-embed__wrapper\">\n<blockquote class=\"wp-embedded-content\" data-secret=\"fUJ8b2IaXw\"><a href=\"https:\/\/stotterbond.nl\/index.php\/2025\/10\/13\/patientenvereniging-demosthenes-drie-jaar-lang-direct-bestuurd-door-logopedist-stottertherapeut\/\">Pati\u00ebntenvereniging Demosthenes drie jaar lang direct bestuurd door logopedist-stottertherapeut<\/a><\/blockquote><iframe loading=\"lazy\" class=\"wp-embedded-content\" sandbox=\"allow-scripts\" security=\"restricted\" style=\"position: absolute; visibility: hidden;\" title=\"\u201cPati\u00ebntenvereniging Demosthenes drie jaar lang direct bestuurd door logopedist-stottertherapeut\u201d \u2014 De Stotterbond i.o. - voor het recht om te stotteren\" src=\"https:\/\/stotterbond.nl\/index.php\/2025\/10\/13\/patientenvereniging-demosthenes-drie-jaar-lang-direct-bestuurd-door-logopedist-stottertherapeut\/embed\/#?secret=Vlie9nb41e#?secret=fUJ8b2IaXw\" data-secret=\"fUJ8b2IaXw\" width=\"500\" height=\"282\" frameborder=\"0\" marginwidth=\"0\" marginheight=\"0\" scrolling=\"no\"><\/iframe>\n<\/div><\/figure>\n\n\n\n<figure class=\"wp-block-embed is-type-wp-embed is-provider-de-stotterbond-i-o-voor-het-recht-om-te-stotteren wp-block-embed-de-stotterbond-i-o-voor-het-recht-om-te-stotteren\"><div class=\"wp-block-embed__wrapper\">\n<blockquote class=\"wp-embedded-content\" data-secret=\"9HwMReUJWG\"><a href=\"https:\/\/stotterbond.nl\/index.php\/2025\/03\/06\/hoog-in-google-laag-van-kwaliteit-de-foute-anti-stotter-tips-van-gladys-logopedie-duidelijker-articuleren-breng-structuur-aan-in-je-verhaal-benadruk-belangrijke-woorden\/\">Hoog in Google, laag van kwaliteit. De foute &#8216;anti-stotter-tips&#8217; van Gladys Logopedie: &#8216;Duidelijker articuleren. Breng structuur aan in je verhaal. Benadruk belangrijke woorden.&#8217;<\/a><\/blockquote><iframe loading=\"lazy\" class=\"wp-embedded-content\" sandbox=\"allow-scripts\" security=\"restricted\" style=\"position: absolute; visibility: hidden;\" title=\"\u201cHoog in Google, laag van kwaliteit. De foute \u2018anti-stotter-tips\u2019 van Gladys Logopedie: \u2018Duidelijker articuleren. Breng structuur aan in je verhaal. Benadruk belangrijke woorden.\u2019\u201d \u2014 De Stotterbond i.o. - voor het recht om te stotteren\" src=\"https:\/\/stotterbond.nl\/index.php\/2025\/03\/06\/hoog-in-google-laag-van-kwaliteit-de-foute-anti-stotter-tips-van-gladys-logopedie-duidelijker-articuleren-breng-structuur-aan-in-je-verhaal-benadruk-belangrijke-woorden\/embed\/#?secret=plwA6v6iZF#?secret=9HwMReUJWG\" data-secret=\"9HwMReUJWG\" width=\"500\" height=\"282\" frameborder=\"0\" marginwidth=\"0\" marginheight=\"0\" scrolling=\"no\"><\/iframe>\n<\/div><\/figure>\n\n\n\n<figure class=\"wp-block-embed is-type-wp-embed is-provider-de-stotterbond-i-o-voor-het-recht-om-te-stotteren wp-block-embed-de-stotterbond-i-o-voor-het-recht-om-te-stotteren\"><div class=\"wp-block-embed__wrapper\">\n<blockquote class=\"wp-embedded-content\" data-secret=\"l5z9IIMrTr\"><a href=\"https:\/\/stotterbond.nl\/index.php\/2025\/09\/04\/is-demosthenes-nog-wel-een-onafhankelijke-patientenvereniging\/\">Is Demosthenes een onafhankelijke pati\u00ebntenvereniging voor mensen die stotteren? Is het dat ooit geweest? Nee<\/a><\/blockquote><iframe loading=\"lazy\" class=\"wp-embedded-content\" sandbox=\"allow-scripts\" security=\"restricted\" style=\"position: absolute; visibility: hidden;\" title=\"\u201cIs Demosthenes een onafhankelijke pati\u00ebntenvereniging voor mensen die stotteren? Is het dat ooit geweest? Nee\u201d \u2014 De Stotterbond i.o. - voor het recht om te stotteren\" src=\"https:\/\/stotterbond.nl\/index.php\/2025\/09\/04\/is-demosthenes-nog-wel-een-onafhankelijke-patientenvereniging\/embed\/#?secret=SuMwvFQBnK#?secret=l5z9IIMrTr\" data-secret=\"l5z9IIMrTr\" width=\"500\" height=\"282\" frameborder=\"0\" marginwidth=\"0\" marginheight=\"0\" scrolling=\"no\"><\/iframe>\n<\/div><\/figure>\n\n\n\n<figure class=\"wp-block-embed is-type-wp-embed is-provider-de-stotterbond-i-o-voor-het-recht-om-te-stotteren wp-block-embed-de-stotterbond-i-o-voor-het-recht-om-te-stotteren\"><div class=\"wp-block-embed__wrapper\">\n<blockquote class=\"wp-embedded-content\" data-secret=\"lZsaRrp1sp\"><a href=\"https:\/\/stotterbond.nl\/index.php\/2025\/09\/05\/demosthenes-patientenvereniging-of-halve-beroepsclub\/\">Demosthenes: pati\u00ebntenvereniging of halve beroepsclub?<\/a><\/blockquote><iframe loading=\"lazy\" class=\"wp-embedded-content\" sandbox=\"allow-scripts\" security=\"restricted\" style=\"position: absolute; visibility: hidden;\" title=\"\u201cDemosthenes: pati\u00ebntenvereniging of halve beroepsclub?\u201d \u2014 De Stotterbond i.o. - voor het recht om te stotteren\" src=\"https:\/\/stotterbond.nl\/index.php\/2025\/09\/05\/demosthenes-patientenvereniging-of-halve-beroepsclub\/embed\/#?secret=OfCgefDnAw#?secret=lZsaRrp1sp\" data-secret=\"lZsaRrp1sp\" width=\"500\" height=\"282\" frameborder=\"0\" marginwidth=\"0\" marginheight=\"0\" scrolling=\"no\"><\/iframe>\n<\/div><\/figure>\n\n\n\n<figure class=\"wp-block-embed is-type-wp-embed is-provider-de-stotterbond-i-o-voor-het-recht-om-te-stotteren wp-block-embed-de-stotterbond-i-o-voor-het-recht-om-te-stotteren\"><div class=\"wp-block-embed__wrapper\">\n<blockquote class=\"wp-embedded-content\" data-secret=\"iwh7FKcOA7\"><a href=\"https:\/\/stotterbond.nl\/index.php\/2025\/09\/30\/dit-is-niet-de-bedoeling-voorlichting-patientenvereniging-demosthenes-helemaal-in-handen-van-commissie-die-volledig-uit-logopedist-stottertherapeuten-bestaat\/\">Dit is niet de bedoeling: voorlichting pati\u00ebntenvereniging Demosthenes helemaal in handen van commissie die volledig uit logopedist-stottertherapeuten bestaat<\/a><\/blockquote><iframe loading=\"lazy\" class=\"wp-embedded-content\" sandbox=\"allow-scripts\" security=\"restricted\" style=\"position: absolute; visibility: hidden;\" title=\"\u201cDit is niet de bedoeling: voorlichting pati\u00ebntenvereniging Demosthenes helemaal in handen van commissie die volledig uit logopedist-stottertherapeuten bestaat\u201d \u2014 De Stotterbond i.o. - voor het recht om te stotteren\" src=\"https:\/\/stotterbond.nl\/index.php\/2025\/09\/30\/dit-is-niet-de-bedoeling-voorlichting-patientenvereniging-demosthenes-helemaal-in-handen-van-commissie-die-volledig-uit-logopedist-stottertherapeuten-bestaat\/embed\/#?secret=EL1FMONNtO#?secret=iwh7FKcOA7\" data-secret=\"iwh7FKcOA7\" width=\"500\" height=\"282\" frameborder=\"0\" marginwidth=\"0\" marginheight=\"0\" scrolling=\"no\"><\/iframe>\n<\/div><\/figure>\n","protected":false},"excerpt":{"rendered":"<p>De Subsidieregeling pati\u00ebnten- en gehandicaptenorganisaties is bedoeld voor pati\u00ebnten- en gehandicaptenorganisaties. Dat heeft [&hellip;]<\/p>\n","protected":false},"author":1,"featured_media":0,"comment_status":"closed","ping_status":"closed","sticky":false,"template":"","format":"standard","meta":{"footnotes":""},"categories":[1],"tags":[],"class_list":["post-3134","post","type-post","status-publish","format-standard","hentry","category-uncategorized"],"jetpack_featured_media_url":"","_links":{"self":[{"href":"https:\/\/stotterbond.nl\/index.php\/wp-json\/wp\/v2\/posts\/3134","targetHints":{"allow":["GET"]}}],"collection":[{"href":"https:\/\/stotterbond.nl\/index.php\/wp-json\/wp\/v2\/posts"}],"about":[{"href":"https:\/\/stotterbond.nl\/index.php\/wp-json\/wp\/v2\/types\/post"}],"author":[{"embeddable":true,"href":"https:\/\/stotterbond.nl\/index.php\/wp-json\/wp\/v2\/users\/1"}],"replies":[{"embeddable":true,"href":"https:\/\/stotterbond.nl\/index.php\/wp-json\/wp\/v2\/comments?post=3134"}],"version-history":[{"count":11,"href":"https:\/\/stotterbond.nl\/index.php\/wp-json\/wp\/v2\/posts\/3134\/revisions"}],"predecessor-version":[{"id":3147,"href":"https:\/\/stotterbond.nl\/index.php\/wp-json\/wp\/v2\/posts\/3134\/revisions\/3147"}],"wp:attachment":[{"href":"https:\/\/stotterbond.nl\/index.php\/wp-json\/wp\/v2\/media?parent=3134"}],"wp:term":[{"taxonomy":"category","embeddable":true,"href":"https:\/\/stotterbond.nl\/index.php\/wp-json\/wp\/v2\/categories?post=3134"},{"taxonomy":"post_tag","embeddable":true,"href":"https:\/\/stotterbond.nl\/index.php\/wp-json\/wp\/v2\/tags?post=3134"}],"curies":[{"name":"wp","href":"https:\/\/api.w.org\/{rel}","templated":true}]}}